{"id":1063,"date":"2025-04-11T15:53:59","date_gmt":"2025-04-11T13:53:59","guid":{"rendered":"https:\/\/dalmadyiskola.hu\/?p=1063"},"modified":"2026-01-21T09:20:20","modified_gmt":"2026-01-21T08:20:20","slug":"2025-fenntarthatosagi-het-az-iskolankban","status":"publish","type":"post","link":"https:\/\/dalmadyiskola.hu\/?p=1063","title":{"rendered":"2025 Fenntarthat\u00f3s\u00e1gi h\u00e9t az iskol\u00e1nkban"},"content":{"rendered":"<h2 style=\"text-align: center;\"><strong><span style=\"color: #000000;\">Fenntarthat\u00f3s\u00e1gi h\u00e9t az iskol\u00e1nkban<\/span><\/strong><\/h2>\n<p><a href=\"https:\/\/dalmadyiskola.hu\/wp-content\/uploads\/2025\/04\/486996983_1238977508235573_2014884545339166765_n.jpg\"><img fetchpriority=\"high\" decoding=\"async\" class=\"aligncenter\" src=\"https:\/\/dalmadyiskola.hu\/wp-content\/uploads\/2025\/04\/486996983_1238977508235573_2014884545339166765_n-768x355.jpg\" sizes=\"(max-width: 768px) 100vw, 768px\" srcset=\"https:\/\/dalmadyiskola.hu\/wp-content\/uploads\/2025\/04\/486996983_1238977508235573_2014884545339166765_n-768x355.jpg 768w, https:\/\/dalmadyiskola.hu\/wp-content\/uploads\/2025\/04\/486996983_1238977508235573_2014884545339166765_n-300x139.jpg 300w, https:\/\/dalmadyiskola.hu\/wp-content\/uploads\/2025\/04\/486996983_1238977508235573_2014884545339166765_n-1536x709.jpg 1536w, https:\/\/dalmadyiskola.hu\/wp-content\/uploads\/2025\/04\/486996983_1238977508235573_2014884545339166765_n.jpg 1992w\" alt=\"\" width=\"636\" height=\"294\" \/><\/a><\/p>\n<h5 style=\"text-align: justify;\">Iskol\u00e1nkban id\u00e9n is megrendez\u00e9sre ker\u00fclt a Fenntarthat\u00f3s\u00e1gi h\u00e9t. A programsorozatot <strong><span style=\"color: #ff0000;\">J\u00f3zann\u00e9 Lesk\u00f3 Gabriella<\/span> <\/strong>koll\u00e9gan\u0151nk tartalmas \u00e9s \u00e9rdekes el\u0151ad\u00e1sa nyitotta meg, amelyb\u0151l a gyerekek sok hasznos inform\u00e1ci\u00f3t szerezhettek a k\u00f6rnyezetv\u00e9delem fontoss\u00e1g\u00e1r\u00f3l.<\/h5>\n\n\n<div class=\"wp-block-buttons is-layout-flex wp-block-buttons-is-layout-flex\">\n<div class=\"wp-block-button\"><a class=\"wp-block-button__link has-background has-medium-font-size has-custom-font-size wp-element-button\" href=\"https:\/\/dalmadyiskola.hu\/?page_id=1099\" style=\"border-radius:15px;background-color:#c00000;text-decoration:underline\" target=\"_blank\" rel=\"noreferrer noopener\">Megnyit\u00e1s<\/a><\/div>\n<\/div>\n","protected":false},"excerpt":{"rendered":"<p>Fenntarthat\u00f3s\u00e1gi h\u00e9t az iskol\u00e1nkban Iskol\u00e1nkban id\u00e9n is megrendez\u00e9sre ker\u00fclt a Fenntarthat\u00f3s\u00e1gi h\u00e9t. A programsorozatot J\u00f3zann\u00e9 Lesk\u00f3 Gabriella koll\u00e9gan\u0151nk tartalmas \u00e9s \u00e9rdekes el\u0151ad\u00e1sa nyitotta meg, amelyb\u0151l a gyerekek sok hasznos inform\u00e1ci\u00f3t szerezhettek a k\u00f6rnyezetv\u00e9delem fontoss\u00e1g\u00e1r\u00f3l.<\/p>\n","protected":false},"author":1,"featured_media":0,"comment_status":"closed","ping_status":"closed","sticky":false,"template":"elementor_canvas","format":"standard","meta":{"footnotes":""},"categories":[65],"tags":[],"post_folder":[],"class_list":["post-1063","post","type-post","status-publish","format-standard","hentry","category-archivum_2025"],"_links":{"self":[{"href":"https:\/\/dalmadyiskola.hu\/index.php?rest_route=\/wp\/v2\/posts\/1063","targetHints":{"allow":["GET"]}}],"collection":[{"href":"https:\/\/dalmadyiskola.hu\/index.php?rest_route=\/wp\/v2\/posts"}],"about":[{"href":"https:\/\/dalmadyiskola.hu\/index.php?rest_route=\/wp\/v2\/types\/post"}],"author":[{"embeddable":true,"href":"https:\/\/dalmadyiskola.hu\/index.php?rest_route=\/wp\/v2\/users\/1"}],"replies":[{"embeddable":true,"href":"https:\/\/dalmadyiskola.hu\/index.php?rest_route=%2Fwp%2Fv2%2Fcomments&post=1063"}],"version-history":[{"count":10,"href":"https:\/\/dalmadyiskola.hu\/index.php?rest_route=\/wp\/v2\/posts\/1063\/revisions"}],"predecessor-version":[{"id":1105,"href":"https:\/\/dalmadyiskola.hu\/index.php?rest_route=\/wp\/v2\/posts\/1063\/revisions\/1105"}],"wp:attachment":[{"href":"https:\/\/dalmadyiskola.hu\/index.php?rest_route=%2Fwp%2Fv2%2Fmedia&parent=1063"}],"wp:term":[{"taxonomy":"category","embeddable":true,"href":"https:\/\/dalmadyiskola.hu\/index.php?rest_route=%2Fwp%2Fv2%2Fcategories&post=1063"},{"taxonomy":"post_tag","embeddable":true,"href":"https:\/\/dalmadyiskola.hu\/index.php?rest_route=%2Fwp%2Fv2%2Ftags&post=1063"},{"taxonomy":"post_folder","embeddable":true,"href":"https:\/\/dalmadyiskola.hu\/index.php?rest_route=%2Fwp%2Fv2%2Fpost_folder&post=1063"}],"curies":[{"name":"wp","href":"https:\/\/api.w.org\/{rel}","templated":true}]}}